{"id":54,"date":"2023-10-23T15:28:22","date_gmt":"2023-10-23T13:28:22","guid":{"rendered":"https:\/\/itcothema.org\/demo\/?p=54"},"modified":"2023-10-23T15:28:22","modified_gmt":"2023-10-23T13:28:22","slug":"ethique-et-equite-dans-laccessibilite-et-lusage-par-claude","status":"publish","type":"post","link":"https:\/\/itcothema.org\/demo\/ethique-et-equite-dans-laccessibilite-et-lusage-par-claude\/","title":{"rendered":"\u00c9thique et \u00e9quit\u00e9 dans l&rsquo;accessibilit\u00e9 et l&rsquo;usage par Claude"},"content":{"rendered":"\n<p>Voici une proposition de texte pour l&rsquo;item \u00ab\u00a0\u00c9thique et \u00e9quit\u00e9 dans l&rsquo;accessibilit\u00e9 et l&rsquo;usage\u00a0\u00bb :<\/p>\n\n\n\n<p>Le d\u00e9veloppement des v\u00e9hicules \u00e9lectriques soul\u00e8ve des questions \u00e9thiques fondamentales li\u00e9es \u00e0 l&rsquo;\u00e9quit\u00e9 et \u00e0 la justice sociale.<\/p>\n\n\n\n<p>L&rsquo;analyse doit porter sur l&rsquo;accessibilit\u00e9 \u00e9conomique de ces v\u00e9hicules : leur co\u00fbt d&rsquo;achat encore \u00e9lev\u00e9 risque d&rsquo;en r\u00e9server l&rsquo;usage aux m\u00e9nages ais\u00e9s, creusant les in\u00e9galit\u00e9s. Des mesures financi\u00e8res inclusives sont n\u00e9cessaires pour permettre une transition \u00e9nerg\u00e9tique juste.<\/p>\n\n\n\n<p>La r\u00e9partition g\u00e9ographique des infrastructures de recharge doit \u00e9galement assurer un acc\u00e8s d\u00e9mocratis\u00e9 \u00e0 tous les territoires et populations. Les zones rurales et p\u00e9riurbaines ne doivent pas \u00eatre d\u00e9favoris\u00e9es.<\/p>\n\n\n\n<p>Les politiques publiques se doivent de garantir le droit \u00e0 la mobilit\u00e9 individuelle pour tous, y compris les plus vuln\u00e9rables, via des dispositifs solidaires adapt\u00e9s.<\/p>\n\n\n\n<p>Sur le plan \u00e9thique, l&rsquo;approvisionnement en mati\u00e8res premi\u00e8res pose question : extraction mini\u00e8re, conditions de travail, provenance g\u00e9opolitique, environnement local. Une production \u00e9thique et durable est un imp\u00e9ratif.<\/p>\n\n\n\n<p>Enfin, l&rsquo;\u00e9lectrique ne doit pas signifier le maintien du tout-voiture. La priorit\u00e9 doit \u00eatre donn\u00e9e aux mobilit\u00e9s actives et partag\u00e9es, plus \u00e9cologiques et sociales.<\/p>\n\n\n\n<p>Une transition juste place l&rsquo;humain au centre et assure un acc\u00e8s \u00e9quitable aux nouvelles mobilit\u00e9s dans le respect de l&rsquo;\u00e9thique. Il s&rsquo;agit d&rsquo;un choix de soci\u00e9t\u00e9 fondamental.<\/p>\n","protected":false},"excerpt":{"rendered":"<p>Voici une proposition de texte pour l&rsquo;item \u00ab\u00a0\u00c9thique et \u00e9quit\u00e9 dans l&rsquo;accessibilit\u00e9 et l&rsquo;usage\u00a0\u00bb : Le d\u00e9veloppement des v\u00e9hicules \u00e9lectriques soul\u00e8ve des questions \u00e9thiques fondamentales li\u00e9es \u00e0 l&rsquo;\u00e9quit\u00e9 et \u00e0 la justice sociale. L&rsquo;analyse doit porter sur l&rsquo;accessibilit\u00e9 \u00e9conomique de ces v\u00e9hicules : leur co\u00fbt d&rsquo;achat encore \u00e9lev\u00e9 risque d&rsquo;en r\u00e9server l&rsquo;usage aux m\u00e9nages ais\u00e9s, [&hellip;]<\/p>\n","protected":false},"author":1,"featured_media":0,"comment_status":"closed","ping_status":"","sticky":false,"template":"","format":"standard","meta":{"footnotes":""},"categories":[3],"tags":[30,25],"class_list":["post-54","post","type-post","status-publish","format-standard","hentry","category-voiture-electrique","tag-claude","tag-ethique-equite-accessibilite-usage"],"_links":{"self":[{"href":"https:\/\/itcothema.org\/demo\/wp-json\/wp\/v2\/posts\/54","targetHints":{"allow":["GET"]}}],"collection":[{"href":"https:\/\/itcothema.org\/demo\/wp-json\/wp\/v2\/posts"}],"about":[{"href":"https:\/\/itcothema.org\/demo\/wp-json\/wp\/v2\/types\/post"}],"author":[{"embeddable":true,"href":"https:\/\/itcothema.org\/demo\/wp-json\/wp\/v2\/users\/1"}],"replies":[{"embeddable":true,"href":"https:\/\/itcothema.org\/demo\/wp-json\/wp\/v2\/comments?post=54"}],"version-history":[{"count":1,"href":"https:\/\/itcothema.org\/demo\/wp-json\/wp\/v2\/posts\/54\/revisions"}],"predecessor-version":[{"id":55,"href":"https:\/\/itcothema.org\/demo\/wp-json\/wp\/v2\/posts\/54\/revisions\/55"}],"wp:attachment":[{"href":"https:\/\/itcothema.org\/demo\/wp-json\/wp\/v2\/media?parent=54"}],"wp:term":[{"taxonomy":"category","embeddable":true,"href":"https:\/\/itcothema.org\/demo\/wp-json\/wp\/v2\/categories?post=54"},{"taxonomy":"post_tag","embeddable":true,"href":"https:\/\/itcothema.org\/demo\/wp-json\/wp\/v2\/tags?post=54"}],"curies":[{"name":"wp","href":"https:\/\/api.w.org\/{rel}","templated":true}]}}