{"id":30,"date":"2023-10-23T16:40:44","date_gmt":"2023-10-23T14:40:44","guid":{"rendered":"https:\/\/itcothema.org\/demo\/?p=30"},"modified":"2023-10-23T16:38:29","modified_gmt":"2023-10-23T14:38:29","slug":"impact-environnemental-par-claude","status":"publish","type":"post","link":"https:\/\/itcothema.org\/demo\/impact-environnemental-par-claude\/","title":{"rendered":"Impact environnemental par Claude"},"content":{"rendered":"\n<p>L&rsquo;impact environnemental d&rsquo;un v\u00e9hicule \u00e9lectrique doit \u00eatre \u00e9valu\u00e9 sur l&rsquo;ensemble de son cycle de vie, de la fabrication \u00e0 la fin de vie en passant par l&rsquo;usage.<\/p>\n\n\n\n<p>La fabrication de la batterie, tr\u00e8s consommatrice en \u00e9nergie et en ressources min\u00e9rales, ainsi que la production de l&rsquo;\u00e9lectricit\u00e9 n\u00e9cessaire au fonctionnement du v\u00e9hicule sont deux aspects cl\u00e9s \u00e0 prendre en compte. M\u00eame si le v\u00e9hicule n&rsquo;\u00e9met pas directement de polluants, il faut analyser la provenance de l&rsquo;\u00e9lectricit\u00e9 utilis\u00e9e et son mode de production (charbon, gaz, nucl\u00e9aire, renouvelables) qui d\u00e9terminera l&#8217;empreinte carbone r\u00e9elle de la mobilit\u00e9 \u00e9lectrique.<\/p>\n\n\n\n<p>Durant la phase d&rsquo;utilisation, l&rsquo;absence d&rsquo;\u00e9missions polluantes locales am\u00e9liore la qualit\u00e9 de l&rsquo;air en ville et r\u00e9duit l&rsquo;exposition des populations. N\u00e9anmoins, l&rsquo;usure des pneus, des freins et de la route engendre l&rsquo;\u00e9mission de particules fines et de microplastiques.<\/p>\n\n\n\n<p>En fin de vie, le recyclage des batteries, complexe et co\u00fbteux, soul\u00e8ve des d\u00e9fis pour limiter l&rsquo;impact environnemental. Une gestion optimis\u00e9e des mat\u00e9riaux est indispensable pour valoriser les m\u00e9taux rares et \u00e9viter les d\u00e9chets toxiques.<\/p>\n\n\n\n<p>Une analyse globale du cycle de vie permet de quantifier pr\u00e9cis\u00e9ment les impacts et les comparer \u00e0 ceux des motorisations thermiques traditionnelles. C&rsquo;est sur cette base qu&rsquo;il est possible d&rsquo;objectiver le bilan environnemental r\u00e9el des v\u00e9hicules \u00e9lectriques.<\/p>\n","protected":false},"excerpt":{"rendered":"<p>L&rsquo;impact environnemental d&rsquo;un v\u00e9hicule \u00e9lectrique doit \u00eatre \u00e9valu\u00e9 sur l&rsquo;ensemble de son cycle de vie, de la fabrication \u00e0 la fin de vie en passant par l&rsquo;usage. La fabrication de la batterie, tr\u00e8s consommatrice en \u00e9nergie et en ressources min\u00e9rales, ainsi que la production de l&rsquo;\u00e9lectricit\u00e9 n\u00e9cessaire au fonctionnement du v\u00e9hicule sont deux aspects cl\u00e9s [&hellip;]<\/p>\n","protected":false},"author":1,"featured_media":0,"comment_status":"closed","ping_status":"closed","sticky":false,"template":"","format":"standard","meta":{"footnotes":""},"categories":[3],"tags":[30,4],"class_list":["post-30","post","type-post","status-publish","format-standard","hentry","category-voiture-electrique","tag-claude","tag-impact-environnemental"],"_links":{"self":[{"href":"https:\/\/itcothema.org\/demo\/wp-json\/wp\/v2\/posts\/30","targetHints":{"allow":["GET"]}}],"collection":[{"href":"https:\/\/itcothema.org\/demo\/wp-json\/wp\/v2\/posts"}],"about":[{"href":"https:\/\/itcothema.org\/demo\/wp-json\/wp\/v2\/types\/post"}],"author":[{"embeddable":true,"href":"https:\/\/itcothema.org\/demo\/wp-json\/wp\/v2\/users\/1"}],"replies":[{"embeddable":true,"href":"https:\/\/itcothema.org\/demo\/wp-json\/wp\/v2\/comments?post=30"}],"version-history":[{"count":1,"href":"https:\/\/itcothema.org\/demo\/wp-json\/wp\/v2\/posts\/30\/revisions"}],"predecessor-version":[{"id":31,"href":"https:\/\/itcothema.org\/demo\/wp-json\/wp\/v2\/posts\/30\/revisions\/31"}],"wp:attachment":[{"href":"https:\/\/itcothema.org\/demo\/wp-json\/wp\/v2\/media?parent=30"}],"wp:term":[{"taxonomy":"category","embeddable":true,"href":"https:\/\/itcothema.org\/demo\/wp-json\/wp\/v2\/categories?post=30"},{"taxonomy":"post_tag","embeddable":true,"href":"https:\/\/itcothema.org\/demo\/wp-json\/wp\/v2\/tags?post=30"}],"curies":[{"name":"wp","href":"https:\/\/api.w.org\/{rel}","templated":true}]}}