{"id":136,"date":"2023-10-23T16:21:14","date_gmt":"2023-10-23T14:21:14","guid":{"rendered":"https:\/\/itcothema.org\/demo\/?p=136"},"modified":"2023-10-25T10:14:00","modified_gmt":"2023-10-25T08:14:00","slug":"cycle-de-vie-complet-du-vehicule-par-chatgpt","status":"publish","type":"post","link":"https:\/\/itcothema.org\/demo\/cycle-de-vie-complet-du-vehicule-par-chatgpt\/","title":{"rendered":"Cycle de vie complet du v\u00e9hicule par ChatGPT"},"content":{"rendered":"\n<p>L&rsquo;analyse du cycle de vie complet d&rsquo;un v\u00e9hicule \u00e9lectrique (VE) est une entreprise complexe qui n\u00e9cessite une compr\u00e9hension d\u00e9taill\u00e9e de chaque \u00e9tape du processus, depuis l&rsquo;extraction des mati\u00e8res premi\u00e8res jusqu&rsquo;\u00e0 la fin de vie du v\u00e9hicule. Voici les \u00e9l\u00e9ments cl\u00e9s \u00e0 prendre en compte pour une analyse approfondie :<\/p>\n\n\n\n<p><strong>Extraction et Traitement des Mati\u00e8res Premi\u00e8res :<\/strong><\/p>\n\n\n\n<ul class=\"wp-block-list\">\n<li>Quelles sont les implications environnementales et sociales de l&rsquo;extraction des mat\u00e9riaux n\u00e9cessaires aux composants des VE, notamment les batteries (comme le lithium, le cobalt) ?<\/li>\n\n\n\n<li>Comment les processus de raffinage et de pr\u00e9paration de ces mat\u00e9riaux pour la production affectent-ils l&rsquo;environnement et les communaut\u00e9s locales ?<\/li>\n<\/ul>\n\n\n\n<p><strong>Fabrication du V\u00e9hicule :<\/strong><\/p>\n\n\n\n<ul class=\"wp-block-list\">\n<li>Quels sont les impacts environnementaux associ\u00e9s \u00e0 l&rsquo;ensemble du processus de fabrication, y compris l&rsquo;\u00e9nergie consomm\u00e9e, les \u00e9missions g\u00e9n\u00e9r\u00e9es, et les d\u00e9chets produits ?<\/li>\n\n\n\n<li>Comment la fabrication des VE se compare-t-elle \u00e0 celle des v\u00e9hicules traditionnels en termes d&#8217;empreinte carbone et d&rsquo;utilisation des ressources ?<\/li>\n<\/ul>\n\n\n\n<p><strong>Cha\u00eene d&rsquo;Approvisionnement et Logistique :<\/strong><\/p>\n\n\n\n<ul class=\"wp-block-list\">\n<li>Comment les diff\u00e9rentes \u00e9tapes de la cha\u00eene d&rsquo;approvisionnement, y compris le transport des mat\u00e9riaux et des composants, influent-elles sur l&#8217;empreinte globale des VE ?<\/li>\n\n\n\n<li>Quelles strat\u00e9gies peuvent \u00eatre mises en \u0153uvre pour minimiser ces impacts, par exemple, en localisant la production plus pr\u00e8s des lieux d&rsquo;extraction ou en utilisant des m\u00e9thodes de transport plus \u00e9cologiques ?<\/li>\n<\/ul>\n\n\n\n<p><strong>Utilisation du V\u00e9hicule :<\/strong><\/p>\n\n\n\n<ul class=\"wp-block-list\">\n<li>Comment les diff\u00e9rentes sources d&rsquo;\u00e9nergie pour la recharge des VE (renouvelables versus non-renouvelables) affectent-elles leur empreinte carbone sur la dur\u00e9e de vie ?<\/li>\n\n\n\n<li>Quels sont les impacts environnementaux associ\u00e9s \u00e0 l&rsquo;entretien des VE, notamment en ce qui concerne le remplacement des batteries et d&rsquo;autres composants cl\u00e9s ?<\/li>\n<\/ul>\n\n\n\n<p><strong>Fin de Vie et Recyclage :<\/strong><\/p>\n\n\n\n<ul class=\"wp-block-list\">\n<li>Quelles m\u00e9thodologies sont en place pour le d\u00e9mant\u00e8lement des VE et le recyclage des batteries et d&rsquo;autres mat\u00e9riaux ?<\/li>\n\n\n\n<li>Comment les mat\u00e9riaux r\u00e9cup\u00e9r\u00e9s peuvent-ils \u00eatre r\u00e9introduits dans la cha\u00eene de production, et quels sont les d\u00e9fis associ\u00e9s \u00e0 ces processus ?<\/li>\n<\/ul>\n\n\n\n<p><strong>Int\u00e9gration Syst\u00e9mique :<\/strong><\/p>\n\n\n\n<ul class=\"wp-block-list\">\n<li>Comment les VE s&rsquo;int\u00e8grent-ils dans des syst\u00e8mes de transport plus larges, et quel est leur impact sur l&rsquo;infrastructure \u00e9nerg\u00e9tique ?<\/li>\n\n\n\n<li>Quelles adaptations sont n\u00e9cessaires pour maximiser les b\u00e9n\u00e9fices environnementaux des VE, tant au niveau individuel qu&rsquo;au niveau du syst\u00e8me de transport dans son ensemble ?<\/li>\n<\/ul>\n\n\n\n<p><strong>Politiques et R\u00e9glementations :<\/strong><\/p>\n\n\n\n<ul class=\"wp-block-list\">\n<li>Comment les politiques actuelles influencent-elles le cycle de vie des VE, depuis les incitations pour les \u00e9nergies renouvelables jusqu&rsquo;aux normes de recyclage ?<\/li>\n\n\n\n<li>Quelles politiques suppl\u00e9mentaires pourraient \u00eatre n\u00e9cessaires pour encourager des pratiques plus durables \u00e0 chaque \u00e9tape du cycle de vie ?<\/li>\n<\/ul>\n\n\n\n<p><strong>Innovations et D\u00e9veloppements Futurs :<\/strong><\/p>\n\n\n\n<ul class=\"wp-block-list\">\n<li>Quelles innovations sont en cours ou \u00e0 l&rsquo;horizon pour r\u00e9duire l&rsquo;impact environnemental des VE \u00e0 chaque \u00e9tape de leur cycle de vie ?<\/li>\n\n\n\n<li>Comment ces innovations pourraient-elles influencer la durabilit\u00e9 des VE \u00e0 l&rsquo;avenir ?<\/li>\n<\/ul>\n\n\n\n<p>En \u00e9valuant ces \u00e9l\u00e9ments, il est crucial de favoriser une approche interdisciplinaire qui r\u00e9unit des experts en \u00e9cologie, ing\u00e9nierie, science des mat\u00e9riaux, politiques publiques, et d&rsquo;autres domaines pertinents. Une telle collaboration permettrait de cr\u00e9er une image compl\u00e8te et nuanc\u00e9e de l&#8217;empreinte environnementale des v\u00e9hicules \u00e9lectriques sur l&rsquo;ensemble de leur cycle de vie, en identifiant les domaines cl\u00e9s d&rsquo;am\u00e9lioration et en guidant les d\u00e9cisions politiques et les investissements en innovation.<\/p>\n","protected":false},"excerpt":{"rendered":"<p>L&rsquo;analyse du cycle de vie complet d&rsquo;un v\u00e9hicule \u00e9lectrique (VE) est une entreprise complexe qui n\u00e9cessite une compr\u00e9hension d\u00e9taill\u00e9e de chaque \u00e9tape du processus, depuis l&rsquo;extraction des mati\u00e8res premi\u00e8res jusqu&rsquo;\u00e0 la fin de vie du v\u00e9hicule. Voici les \u00e9l\u00e9ments cl\u00e9s \u00e0 prendre en compte pour une analyse approfondie : Extraction et Traitement des Mati\u00e8res Premi\u00e8res [&hellip;]<\/p>\n","protected":false},"author":1,"featured_media":0,"comment_status":"closed","ping_status":"","sticky":false,"template":"","format":"standard","meta":{"footnotes":""},"categories":[3],"tags":[28,11],"class_list":["post-136","post","type-post","status-publish","format-standard","hentry","category-voiture-electrique","tag-chatgpt-4-0","tag-cycle-vie-complet-vehicule"],"_links":{"self":[{"href":"https:\/\/itcothema.org\/demo\/wp-json\/wp\/v2\/posts\/136","targetHints":{"allow":["GET"]}}],"collection":[{"href":"https:\/\/itcothema.org\/demo\/wp-json\/wp\/v2\/posts"}],"about":[{"href":"https:\/\/itcothema.org\/demo\/wp-json\/wp\/v2\/types\/post"}],"author":[{"embeddable":true,"href":"https:\/\/itcothema.org\/demo\/wp-json\/wp\/v2\/users\/1"}],"replies":[{"embeddable":true,"href":"https:\/\/itcothema.org\/demo\/wp-json\/wp\/v2\/comments?post=136"}],"version-history":[{"count":2,"href":"https:\/\/itcothema.org\/demo\/wp-json\/wp\/v2\/posts\/136\/revisions"}],"predecessor-version":[{"id":222,"href":"https:\/\/itcothema.org\/demo\/wp-json\/wp\/v2\/posts\/136\/revisions\/222"}],"wp:attachment":[{"href":"https:\/\/itcothema.org\/demo\/wp-json\/wp\/v2\/media?parent=136"}],"wp:term":[{"taxonomy":"category","embeddable":true,"href":"https:\/\/itcothema.org\/demo\/wp-json\/wp\/v2\/categories?post=136"},{"taxonomy":"post_tag","embeddable":true,"href":"https:\/\/itcothema.org\/demo\/wp-json\/wp\/v2\/tags?post=136"}],"curies":[{"name":"wp","href":"https:\/\/api.w.org\/{rel}","templated":true}]}}